{"id":557,"date":"2013-09-20T14:06:40","date_gmt":"2013-09-20T14:06:40","guid":{"rendered":"http:\/\/www.policyresearchnetwork.ca\/?p=557"},"modified":"2014-07-09T17:16:04","modified_gmt":"2014-07-09T17:16:04","slug":"learning-everybodys-project-towards-a-learning-agenda-2013-2018","status":"publish","type":"post","link":"http:\/\/www.policyresearchnetwork.ca\/fr\/learning-everybodys-project-towards-a-learning-agenda-2013-2018\/","title":{"rendered":"Apprendre: un projet collectif &#8211; En route pour un plan d&rsquo;apprentissage 2013-2018"},"content":{"rendered":"<p>L\u2019initiative sur l\u2019apprentissage de NB2026 a \u00e9t\u00e9 d\u00e9velopp\u00e9e afin d\u2019engager les citoyens et les organisations dans un processus pour faire du Nouveau-Brunswick la province apprenante du Canada. La r\u00e9alisation de cette vision n\u00e9cessitera le d\u00e9veloppement d&rsquo;un syst\u00e8me qui:<\/p>\n<ul>\n<li>Am\u00e9liore la collaboration entre les entreprises et les organisations impliqu\u00e9es dans l\u2019apprentissage;<\/li>\n<li>Am\u00e9liore la coordination des programmes d\u2019apprentissage et services disponibles partout au \u00a0\u00a0N.-B.;<\/li>\n<li>Am\u00e9liore l\u2019acc\u00e8s aux opportunit\u00e9s d\u2019apprentissage;<\/li>\n<li>Renforce la capacit\u00e9 organisationnelle afin de continuellement am\u00e9liorer les programmes d&rsquo;apprentissage;<\/li>\n<li>Augmente la participation des collectivit\u00e9s et des citoyens \u00e0 des opportunit\u00e9s d&rsquo;apprentissage.<\/li>\n<\/ul>\n<p>Nous avons pr\u00e9sentement une occasion unique de b\u00e2tir sur le dynamisme et l&rsquo;engagement de plusieurs organisations, de r\u00e9pondre aux pr\u00e9occupations et d\u2019appuyer les strat\u00e9gies des citoyens, des collectivit\u00e9s et des organisations.\u00a0 L\u2019initiative\u00a0 <i>Apprendre: un project collectif<\/i> a le soutien de champions influents \u0153uvrant dans plusieurs secteurs, et il existe un sentiment d&rsquo;urgence pour des actions concr\u00e8tes. En adoptant une approche innovatrice qui vise \u00e0 aligner, mesurer et c\u00e9l\u00e9brer les activit\u00e9s d&rsquo;apprentissage dans la province, l&rsquo;Initiative sur l&rsquo;apprentissage va inspirer les intervenants et g\u00e9n\u00e9rera une masse critique d\u2019actions pour l\u2019atteinte de la vision.<\/p>\n<p>Le Comit\u00e9 directeur sur l\u2019initiative <i>Apprendre: un projet collectif<\/i> am\u00e9liorera les r\u00e9sultats souhait\u00e9s partout dans la province en assurant la coordination intersectorielle des organisations afin de transformer un syst\u00e8me fragment\u00e9.\u00a0 Ce plan d\u2019apprentissage d\u00e9crit comment l\u2019initiative <i>Apprendre: un projet collectif<\/i> mettra en place une table de concertation (le Comit\u00e9 directeur) qui am\u00e8nera les diff\u00e9rentes organisations de la province impliqu\u00e9es dans l\u2019apprentissage \u00e0 d\u00e9velopper et partager une vision commune afin que le Nouveau Brunswick devienne la province apprenante du Canada.<\/p>\n<p>Pour lire le document, cliquez <a href=\"http:\/\/www.policyresearchnetwork.ca\/wp-content\/uploads\/2013\/09\/FR-Plan-dApprentissage-05-11-2013.pdf\" target=\"_blank\">ici<\/a>.<\/p>","protected":false},"excerpt":{"rendered":"<p>L\u2019initiative sur l\u2019apprentissage de NB2026 a \u00e9t\u00e9 d\u00e9velopp\u00e9e afin d\u2019engager les citoyens et les organisations dans un [&hellip;]<\/p>\n","protected":false},"author":6,"featured_media":558,"comment_status":"open","ping_status":"open","sticky":false,"template":"","format":"standard","meta":{"footnotes":""},"categories":[15],"tags":[],"class_list":["post-557","post","type-post","status-publish","format-standard","has-post-thumbnail","hentry","category-in-progress"],"_links":{"self":[{"href":"http:\/\/www.policyresearchnetwork.ca\/fr\/wp-json\/wp\/v2\/posts\/557","targetHints":{"allow":["GET"]}}],"collection":[{"href":"http:\/\/www.policyresearchnetwork.ca\/fr\/wp-json\/wp\/v2\/posts"}],"about":[{"href":"http:\/\/www.policyresearchnetwork.ca\/fr\/wp-json\/wp\/v2\/types\/post"}],"author":[{"embeddable":true,"href":"http:\/\/www.policyresearchnetwork.ca\/fr\/wp-json\/wp\/v2\/users\/6"}],"replies":[{"embeddable":true,"href":"http:\/\/www.policyresearchnetwork.ca\/fr\/wp-json\/wp\/v2\/comments?post=557"}],"version-history":[{"count":0,"href":"http:\/\/www.policyresearchnetwork.ca\/fr\/wp-json\/wp\/v2\/posts\/557\/revisions"}],"wp:featuredmedia":[{"embeddable":true,"href":"http:\/\/www.policyresearchnetwork.ca\/fr\/wp-json\/wp\/v2\/media\/558"}],"wp:attachment":[{"href":"http:\/\/www.policyresearchnetwork.ca\/fr\/wp-json\/wp\/v2\/media?parent=557"}],"wp:term":[{"taxonomy":"category","embeddable":true,"href":"http:\/\/www.policyresearchnetwork.ca\/fr\/wp-json\/wp\/v2\/categories?post=557"},{"taxonomy":"post_tag","embeddable":true,"href":"http:\/\/www.policyresearchnetwork.ca\/fr\/wp-json\/wp\/v2\/tags?post=557"}],"curies":[{"name":"wp","href":"https:\/\/api.w.org\/{rel}","templated":true}]}}