{"id":1472,"date":"2014-06-26T13:37:35","date_gmt":"2014-06-26T13:37:35","guid":{"rendered":"http:\/\/www.policyresearchnetwork.ca\/?p=1472"},"modified":"2014-06-26T13:37:35","modified_gmt":"2014-06-26T13:37:35","slug":"2014-canadian-knowledge-mobilization-conference","status":"publish","type":"post","link":"http:\/\/www.policyresearchnetwork.ca\/fr\/2014-canadian-knowledge-mobilization-conference\/","title":{"rendered":"Forum canadian de 2014 sur la mobilisation des connaissances"},"content":{"rendered":"<p>J\u2019ai eu le plaisir r\u00e9cemment de participer au <a href=\"http:\/\/www.ckf14.org\/\" target=\"_blank\">forum canadien de 2014 sur la mobilisation des connaissances<\/a>\u00a0\u00e0 Saskatoon, en Saskatchewan, les 9 et 10 juin, organis\u00e9 par l\u2019<a href=\"http:\/\/www.knowledgemobilization.net\/\" target=\"_blank\">Institut pour la mobilisation des connaissances<\/a>. En \u00e9tant d\u00e9j\u00e0 \u00e0 sa troisi\u00e8me \u00e9dition, le forum cette ann\u00e9e avait pour th\u00e8me l\u2019innovation sociale et \u00e9conomique et \u00e9tait pr\u00e9sid\u00e9 par Colleen Christensen, conseill\u00e8re en technologie industrielle pour le Conseil national de recherches.<\/p>\n<p>Pr\u00e9sentant <a href=\"http:\/\/www.ckf14.org\/archives\/226\" target=\"_blank\">un programme charg\u00e9<\/a>, le forum offrait des s\u00e9ances en atelier, un conf\u00e9rencier ax\u00e9 sur la motivation, le leadership et l\u2019action, des affiches, des possibilit\u00e9s de r\u00e9seautage, des expos\u00e9s de style Pecha Kucha sur les connaissances en mouvement, un caf\u00e9 de l\u2019innovation et, bien s\u00fbr, quelques jeux de mobilisation des connaissances.<\/p>\n<p>Les th\u00e8mes des expos\u00e9s \u00e9taient centr\u00e9s sur la mobilisation des connaissances, le transfert des connaissances et le r\u00f4le des courtiers de connaissances. Les sujets englobaient les outils d\u2019\u00e9valuation et la mise au point d\u2019indicateurs, les meilleures pratiques et les r\u00e9ussites, l\u2019am\u00e9lioration des comp\u00e9tences en mati\u00e8re de mobilisation des connaissances et la pr\u00e9sentation de fa\u00e7ons nouvelles et innovatrices de concr\u00e9tiser et d\u2019\u00e9changer les connaissances.<\/p>\n<p>Par suite des nombreuses relations que j\u2019ai \u00e9tablies et de la nouvelle information que j\u2019ai recueillie, j\u2019attends avec impatience d\u2019\u00e9laborer une strat\u00e9gie de mobilisation des connaissances ici, au RRPSNB, qui d\u00e9crira clairement nos services et qui montrera notre capacit\u00e9 \u00e0 cr\u00e9er une valeur ajout\u00e9e pour r\u00e9pondre aux diff\u00e9rents besoins de nos membres. Je pr\u00e9vois aussi utiliser les outils pr\u00e9sent\u00e9s au forum pour am\u00e9liorer nos services actuels en d\u00e9veloppant davantage notre r\u00e9pertoire de services de diffusion des connaissances et en mettant au point des indicateurs pour suivre nos progr\u00e8s en cours de route.<\/p>\n<p>En plus des expos\u00e9s pr\u00e9sent\u00e9s dans le principal espace de r\u00e9union, j\u2019ai particip\u00e9, au cours des deux journ\u00e9es, \u00e0 plusieurs s\u00e9ances d\u2019atelier d\u2019une dur\u00e9e de 30 minutes, dont les suivantes\u00a0:<\/p>\n<p>Premi\u00e8re journ\u00e9e<\/p>\n<ul>\n<li><em>Aucune mobilisation des connaissances sans les courtiers de connaissances\u00a0: aper\u00e7u du r\u00f4le des courtiers de connaissances pour appuyer les communaut\u00e9s d\u2019int\u00e9r\u00eats en Ontario qui s\u2019int\u00e9ressent aux services de sant\u00e9 mentale et de traitement des d\u00e9pendances pour les enfants et les jeunes.<\/em><\/li>\n<li><em>De la recherche aux politiques \u00e0 l\u2019Agence de la sant\u00e9 publique du Canada\u00a0: production de sommaires en langage courant des articles publi\u00e9s dans les revues.<\/em><\/li>\n<li><em>Renforcer la capacit\u00e9 en mati\u00e8re d\u2019utilisation des donn\u00e9es probantes\u00a0: mobilisation des connaissances au sein du gouvernement.<\/em><\/li>\n<li><em>Indicateurs de mesure \u00e0 chaque \u00e9tape du passage des connaissances de la recherche \u00e0 l\u2019impact.<\/em><\/li>\n<li><em>De la pr\u00e9paration du terrain \u00e0 l\u2019\u00e9tablissement de tendances\u00a0: monter la barre pour une approche normalis\u00e9e de la mesure de l\u2019efficacit\u00e9 du transfert et de l\u2019\u00e9change de connaissances.<\/em><\/li>\n<li><em>Mobilisation des connaissances ax\u00e9es sur les relations\u00a0: importance de la mobilisation des connaissances bas\u00e9e sur les syst\u00e8mes et examen de la perception des risques pour une participation efficace. <\/em><\/li>\n<\/ul>\n<p>Deuxi\u00e8me journ\u00e9e<\/p>\n<ul>\n<li><em>Nous orienter dans un monde de transfert des connaissances.<\/em><\/li>\n<li><em>Ce qu\u2019il y a de neuf et ce qui donne de bons r\u00e9sultats dans un programme sp\u00e9cialis\u00e9 de mobilisation des connaissances\u00a0: mise en commun des id\u00e9es, des points de vue, de l\u2019innovation et des impacts pour rendre le transfert des connaissances et de la technologie utilisable. <\/em><\/li>\n<li><em>D\u2019o\u00f9 viennent les professionnels de la mobilisation des connaissances?<\/em><\/li>\n<\/ul>\n<p>Si vous d\u00e9sirez en savoir plus au sujet de ces s\u00e9ances, ce serait un plaisir pour moi de vous faire part de ce que j\u2019ai appris. Vous pouvez me joindre par courriel, \u00e0 l\u2019adresse <a href=\"mailto:sasha.caputo@rrps-nb-sprn.ca\">sasha.caputo@rrps-nb-sprn.ca<\/a>, ou par t\u00e9l\u00e9phone, au 506-453-5009. Un programme d\u00e9taill\u00e9 est disponible <a href=\"http:\/\/www.ckf14.org\/wp-content\/uploads\/2014\/06\/Detailed-Program-2014-Canadian-Knowledge-Mobilization-Forum.pdf\" target=\"_blank\">ici.<\/a><\/p>","protected":false},"excerpt":{"rendered":"<p>J\u2019ai eu le plaisir r\u00e9cemment de participer au forum canadien de 2014 sur la mobilisation des connaissances\u00a0\u00e0 [&hellip;]<\/p>\n","protected":false},"author":6,"featured_media":1473,"comment_status":"open","ping_status":"open","sticky":false,"template":"","format":"standard","meta":{"footnotes":""},"categories":[14],"tags":[],"class_list":["post-1472","post","type-post","status-publish","format-standard","has-post-thumbnail","hentry","category-featured"],"_links":{"self":[{"href":"http:\/\/www.policyresearchnetwork.ca\/fr\/wp-json\/wp\/v2\/posts\/1472","targetHints":{"allow":["GET"]}}],"collection":[{"href":"http:\/\/www.policyresearchnetwork.ca\/fr\/wp-json\/wp\/v2\/posts"}],"about":[{"href":"http:\/\/www.policyresearchnetwork.ca\/fr\/wp-json\/wp\/v2\/types\/post"}],"author":[{"embeddable":true,"href":"http:\/\/www.policyresearchnetwork.ca\/fr\/wp-json\/wp\/v2\/users\/6"}],"replies":[{"embeddable":true,"href":"http:\/\/www.policyresearchnetwork.ca\/fr\/wp-json\/wp\/v2\/comments?post=1472"}],"version-history":[{"count":0,"href":"http:\/\/www.policyresearchnetwork.ca\/fr\/wp-json\/wp\/v2\/posts\/1472\/revisions"}],"wp:featuredmedia":[{"embeddable":true,"href":"http:\/\/www.policyresearchnetwork.ca\/fr\/wp-json\/wp\/v2\/media\/1473"}],"wp:attachment":[{"href":"http:\/\/www.policyresearchnetwork.ca\/fr\/wp-json\/wp\/v2\/media?parent=1472"}],"wp:term":[{"taxonomy":"category","embeddable":true,"href":"http:\/\/www.policyresearchnetwork.ca\/fr\/wp-json\/wp\/v2\/categories?post=1472"},{"taxonomy":"post_tag","embeddable":true,"href":"http:\/\/www.policyresearchnetwork.ca\/fr\/wp-json\/wp\/v2\/tags?post=1472"}],"curies":[{"name":"wp","href":"https:\/\/api.w.org\/{rel}","templated":true}]}}